{"id":2139,"date":"2023-12-07T18:49:05","date_gmt":"2023-12-07T10:49:05","guid":{"rendered":"http:\/\/192.168.2.19:8666\/?p=1"},"modified":"2024-07-12T16:14:50","modified_gmt":"2024-07-12T08:14:50","slug":"review-rewa-expuso-mwc19-los-angeles","status":"publish","type":"post","link":"https:\/\/rewa.tech\/es\/review-rewa-exhibited-mwc19-los-angeles\/","title":{"rendered":"REWA expone en el MWC19 de Los \u00c1ngeles"},"content":{"rendered":"<p>El MWC 2019 de Los \u00c1ngeles se celebr\u00f3 del 22 de octubre<sup>nd<\/sup>&nbsp;a 24<sup>th<\/sup>&nbsp;en el Centro de Convenciones de Los \u00c1ngeles.<\/p>\n\n\n\n<p>Durante tres d\u00edas, casi 22.000 asistentes de m\u00e1s de 100 pa\u00edses se reunieron para crear, debatir y discutir las tendencias clave que configuran la industria del m\u00f3vil y el ecosistema en general.<\/p>\n\n\n\n<p>Y adivina qu\u00e9, \u00a1la REWA tambi\u00e9n estaba all\u00ed!<\/p>\n\n\n\n<p>Durante la exposici\u00f3n, REWA, excelente proveedor mundial de <span style=\"color: #0000ff;\">Soluciones integrales para empresas de reparaci\u00f3n electr\u00f3nica<\/span>ha presentado una cartera de soluciones profesionales que abarcan el aprovisionamiento, la renovaci\u00f3n de LCD y el SWAP, con el fin de satisfacer las necesidades de nuestros clientes.<\/p>\n\n\n\n<p>\"Nuestra presencia en esta feria ha sido muy elogiada. Con los esfuerzos conjuntos de todos los miembros de REWA, creo que nos convertiremos en una de las marcas l\u00edderes del sector de la tecnolog\u00eda m\u00f3vil\". Kevin, Consejero Delegado de REWA, dijo<\/p>\n\n\n\n<p>Bajo el lema Conectividad Inteligente, el MWC19 de Los \u00c1ngeles mostr\u00f3 la convergencia de la Inteligencia Artificial (IA), el Internet de las Cosas (IoT) y el Big Data que permite el 5G.<\/p>\n\n\n\n<p>Y para empresas como REWA, les sirve de plataforma para colaborar y lanzar nuevas aventuras empresariales.<\/p>\n\n\n\n<p>Las soluciones de movilidad de REWA incluyen la soluci\u00f3n de cadena de suministro, la soluci\u00f3n de reparaci\u00f3n autorizada, la soluci\u00f3n de formaci\u00f3n en reparaci\u00f3n y la soluci\u00f3n de reciclaje y reventa.<\/p>\n\n\n\n<figure class=\"wp-block-image alignright\"><img decoding=\"async\" src=\"https:\/\/s.rewa.tech\/image\/27ba2912-4f09-4b29-b992-6fe548b85b7d-Review-REWA-Exhibited-At-The-MWC19-Los-Angeles-355x259.jpg\" alt=\"\" title=\"\"><\/figure>\n\n\n\n<p>A medida que la idea del Internet de las Cosas (IoT) y el Big Data habilitado por el 5G calan en nuestra sociedad, la demanda de reparaci\u00f3n de dispositivos electr\u00f3nicos no deja de crecer.<\/p>\n\n\n\n<p>De hecho, REWA fue uno de los stands m\u00e1s visitados por los talleres de reparaci\u00f3n y otros asistentes durante la exposici\u00f3n.<\/p>\n\n\n\n<p>En cuanto a los art\u00edculos m\u00e1s populares y llamativos con la etiqueta \"REWA\", el <a style=\"color: #0000ff;\" href=\"https:\/\/shop.rewa.tech\/detail\/back-glass-housing-separator-laser-marking-machine-oem-new.html\" target=\"_blank\" rel=\"noopener\">M\u00e1quina de marcado l\u00e1ser de separador de carcasa de cristal trasero<\/a> era definitivamente la elegida.<\/p>\n\n\n\n<p>La m\u00e1quina l\u00e1ser no s\u00f3lo puede servir como una soluci\u00f3n perfecta para la reparaci\u00f3n de vidrio trasero, sino tambi\u00e9n actuar como una herramienta de grabado.<\/p>\n\n\n\n<p>De hecho, REWA proporciona varias herramientas y aparatos de reparaci\u00f3n de este tipo, por no mencionar nuestras soluciones profesionales mencionadas anteriormente.<\/p>\n\n\n\n<p>Y es que una de las cosas en las que se ha centrado REWA es en facilitar a los clientes el arreglo de sus problemas.<\/p>\n\n\n\n<p>De todos modos, el MWC 2019 de Los \u00c1ngeles concluy\u00f3, pero REWA siempre est\u00e1 abierta a oportunidades para colaborar e intercambiar ideas brillantes con amigos de todos los rincones de nuestro planeta.<\/p>","protected":false},"excerpt":{"rendered":"<p>The 2019 MWC Los Angeles was held From&nbsp;October 22nd&nbsp;to 24th&nbsp;at the Los Angeles Convention Center. Over three days, nearly 22,000 attendees from more than 100 countries gathered to create, debate and discuss the key trends shaping the mobile industry and the wider ecosystem. And guess what, REWA was there as well! During the exhibition, REWA, [&hellip;]<\/p>\n","protected":false},"author":1,"featured_media":2687,"comment_status":"open","ping_status":"closed","sticky":false,"template":"","format":"standard","meta":{"fifu_image_url":"https:\/\/s.rewa.tech\/image\/a91cd9b6-cd59-4f68-ab95-5bd1bb03a124-Review-REWA-Exhibited-At-The-MWC19-Los-Angeles-banner.jpg","fifu_image_alt":"","footnotes":""},"categories":[8],"tags":[21,153],"class_list":["post-2139","post","type-post","status-publish","format-standard","has-post-thumbnail","hentry","category-news","tag-iphone","tag-phone-repair"],"_links":{"self":[{"href":"https:\/\/rewa.tech\/es\/wp-json\/wp\/v2\/posts\/2139","targetHints":{"allow":["GET"]}}],"collection":[{"href":"https:\/\/rewa.tech\/es\/wp-json\/wp\/v2\/posts"}],"about":[{"href":"https:\/\/rewa.tech\/es\/wp-json\/wp\/v2\/types\/post"}],"author":[{"embeddable":true,"href":"https:\/\/rewa.tech\/es\/wp-json\/wp\/v2\/users\/1"}],"replies":[{"embeddable":true,"href":"https:\/\/rewa.tech\/es\/wp-json\/wp\/v2\/comments?post=2139"}],"version-history":[{"count":0,"href":"https:\/\/rewa.tech\/es\/wp-json\/wp\/v2\/posts\/2139\/revisions"}],"wp:featuredmedia":[{"embeddable":true,"href":"https:\/\/rewa.tech\/es\/wp-json\/wp\/v2\/media\/2687"}],"wp:attachment":[{"href":"https:\/\/rewa.tech\/es\/wp-json\/wp\/v2\/media?parent=2139"}],"wp:term":[{"taxonomy":"category","embeddable":true,"href":"https:\/\/rewa.tech\/es\/wp-json\/wp\/v2\/categories?post=2139"},{"taxonomy":"post_tag","embeddable":true,"href":"https:\/\/rewa.tech\/es\/wp-json\/wp\/v2\/tags?post=2139"}],"curies":[{"name":"wp","href":"https:\/\/api.w.org\/{rel}","templated":true}]}}