{"id":41356,"date":"2025-09-23T10:22:52","date_gmt":"2025-09-23T02:22:52","guid":{"rendered":"https:\/\/rewa.tech\/?p=41356"},"modified":"2025-09-25T10:34:57","modified_gmt":"2025-09-25T02:34:57","slug":"rewa-en-el-4-foro-de-espalda","status":"publish","type":"post","link":"https:\/\/rewa.tech\/es\/rewa-at-the-4th-back-forum\/","title":{"rendered":"REWA presenta soluciones de recambio de pantallas en el 4\u00ba Foro de la Espalda"},"content":{"rendered":"<p><strong>Par\u00eds, Francia - 16 de septiembre de 2025.<\/strong> En la 4\u00aa edici\u00f3n del Foro Back, organizado por Back Market, REWA subi\u00f3 una vez m\u00e1s al escenario para destacar su visi\u00f3n del sector del reacondicionamiento y la reparaci\u00f3n. El tema central de este a\u00f1o: c\u00f3mo los vendedores y los profesionales de la reparaci\u00f3n pueden elegir con confianza bater\u00edas de alta calidad y <a href=\"https:\/\/rewa.tech\/es\/pantalla\/\" data-type=\"page\" data-id=\"10263\">piezas de repuesto para pantallas<\/a>. REWA tambi\u00e9n ha anunciado el lanzamiento oficial de REWA EU, en colaboraci\u00f3n con el distribuidor europeo GSM PARTS CENTER (GPC).<strong>)<\/strong>.<\/p>\n\n\n\n<figure class=\"wp-block-image size-large\"><img fetchpriority=\"high\" decoding=\"async\" width=\"1024\" height=\"640\" src=\"https:\/\/rewa.tech\/wp-content\/uploads\/2025\/09\/back-forum-main-1024x640.jpg\" alt=\"4\u00ba foro trasero\" class=\"wp-image-41357\" title=\"\" srcset=\"https:\/\/rewa.tech\/wp-content\/uploads\/2025\/09\/back-forum-main-1024x640.jpg 1024w, https:\/\/rewa.tech\/wp-content\/uploads\/2025\/09\/back-forum-main-300x188.jpg 300w, https:\/\/rewa.tech\/wp-content\/uploads\/2025\/09\/back-forum-main-768x480.jpg 768w, https:\/\/rewa.tech\/wp-content\/uploads\/2025\/09\/back-forum-main-18x12.jpg 18w, https:\/\/rewa.tech\/wp-content\/uploads\/2025\/09\/back-forum-main.jpg 1280w\" sizes=\"(max-width: 1024px) 100vw, 1024px\" \/><\/figure>\n\n\n\n<p>Con este paso, REWA refuerza su compromiso con Europa, prometiendo una entrega m\u00e1s r\u00e1pida, precios m\u00e1s ajustados y una experiencia de servicio mejorada para socios y clientes de toda la regi\u00f3n.<\/p>\n\n\n\n<h2 class=\"wp-block-heading\">Foro de la espalda: Donde se re\u00fanen los l\u00edderes de la tecnolog\u00eda circular<\/h2>\n\n\n\n<p>En <strong>Atr\u00e1s Foro<\/strong> es la reuni\u00f3n anual exclusiva de Back Market para los principales vendedores, socios e innovadores de todo el mundo. Cada a\u00f1o, el evento trata temas urgentes del mercado de la electr\u00f3nica circular, desde la log\u00edstica y las pruebas hasta la ampliaci\u00f3n de cat\u00e1logos y las mejores pr\u00e1cticas para un crecimiento sostenible.<\/p>\n\n\n\n<figure class=\"wp-block-gallery has-nested-images columns-default is-cropped wp-block-gallery-1 is-layout-flex wp-block-gallery-is-layout-flex\">\n<figure class=\"wp-block-image size-large\"><img decoding=\"async\" width=\"1024\" height=\"640\" data-id=\"41360\" src=\"https:\/\/rewa.tech\/wp-content\/uploads\/2025\/09\/rewa-ceo-at-back-forum-1024x640.jpg\" alt=\"\" class=\"wp-image-41360\" title=\"\" srcset=\"https:\/\/rewa.tech\/wp-content\/uploads\/2025\/09\/rewa-ceo-at-back-forum-1024x640.jpg 1024w, https:\/\/rewa.tech\/wp-content\/uploads\/2025\/09\/rewa-ceo-at-back-forum-300x188.jpg 300w, https:\/\/rewa.tech\/wp-content\/uploads\/2025\/09\/rewa-ceo-at-back-forum-768x480.jpg 768w, https:\/\/rewa.tech\/wp-content\/uploads\/2025\/09\/rewa-ceo-at-back-forum-18x12.jpg 18w, https:\/\/rewa.tech\/wp-content\/uploads\/2025\/09\/rewa-ceo-at-back-forum.jpg 1280w\" sizes=\"(max-width: 1024px) 100vw, 1024px\" \/><\/figure>\n\n\n\n<figure class=\"wp-block-image size-large\"><img decoding=\"async\" width=\"1024\" height=\"640\" data-id=\"41361\" src=\"https:\/\/rewa.tech\/wp-content\/uploads\/2025\/09\/rewa-ceo-at-back-forum-02-1024x640.jpg\" alt=\"rewa ceo en el foro de la espalda\" class=\"wp-image-41361\" title=\"\" srcset=\"https:\/\/rewa.tech\/wp-content\/uploads\/2025\/09\/rewa-ceo-at-back-forum-02-1024x640.jpg 1024w, https:\/\/rewa.tech\/wp-content\/uploads\/2025\/09\/rewa-ceo-at-back-forum-02-300x188.jpg 300w, https:\/\/rewa.tech\/wp-content\/uploads\/2025\/09\/rewa-ceo-at-back-forum-02-768x480.jpg 768w, https:\/\/rewa.tech\/wp-content\/uploads\/2025\/09\/rewa-ceo-at-back-forum-02-18x12.jpg 18w, https:\/\/rewa.tech\/wp-content\/uploads\/2025\/09\/rewa-ceo-at-back-forum-02.jpg 1280w\" sizes=\"(max-width: 1024px) 100vw, 1024px\" \/><\/figure>\n<\/figure>\n\n\n\n<p>Este a\u00f1o, REWA se uni\u00f3 a otros seis l\u00edderes del sector en el escenario, mostrando c\u00f3mo la colaboraci\u00f3n, la calidad y la innovaci\u00f3n pueden impulsar la pr\u00f3xima ola de crecimiento para las empresas de reparaci\u00f3n.<\/p>\n\n\n\n<h2 class=\"wp-block-heading\">Progresos de REWA: De las soluciones a los resultados basados en datos<\/h2>\n\n\n\n<p>Como participante recurrente, REWA present\u00f3 los resultados de su colaboraci\u00f3n con Back Market desde octubre de 2024. Entre los aspectos m\u00e1s destacados figuran:<\/p>\n\n\n\n<ul class=\"wp-block-list\">\n<li><strong>Fuerte crecimiento<\/strong> en pedidos de productos de pilas<\/li>\n\n\n\n<li><strong>Tasa de posventa ultrabaja<\/strong>, por debajo del valor de referencia del sector (0,5%).<\/li>\n\n\n\n<li><strong>92%+ tipo de recompra<\/strong>, demostrando una confianza constante de los clientes<\/li>\n<\/ul>\n\n\n\n<p>Estas cifras refuerzan la fiabilidad del estricto sistema de selecci\u00f3n y validaci\u00f3n de REWA, dise\u00f1ado para ayudar a los vendedores a mejorar la eficiencia y ofrecer a los usuarios finales una experiencia sin preocupaciones.<\/p>\n\n\n\n<figure class=\"wp-block-image size-large\"><img loading=\"lazy\" decoding=\"async\" width=\"1024\" height=\"640\" src=\"https:\/\/rewa.tech\/wp-content\/uploads\/2025\/09\/rewa-at-back-forum-1024x640.jpg\" alt=\"rewa se asocia con clientes de la ue\" class=\"wp-image-41367\" title=\"\" srcset=\"https:\/\/rewa.tech\/wp-content\/uploads\/2025\/09\/rewa-at-back-forum-1024x640.jpg 1024w, https:\/\/rewa.tech\/wp-content\/uploads\/2025\/09\/rewa-at-back-forum-300x188.jpg 300w, https:\/\/rewa.tech\/wp-content\/uploads\/2025\/09\/rewa-at-back-forum-768x480.jpg 768w, https:\/\/rewa.tech\/wp-content\/uploads\/2025\/09\/rewa-at-back-forum-18x12.jpg 18w, https:\/\/rewa.tech\/wp-content\/uploads\/2025\/09\/rewa-at-back-forum.jpg 1280w\" sizes=\"(max-width: 1024px) 100vw, 1024px\" \/><\/figure>\n\n\n\n<h2 class=\"wp-block-heading\">Puntos d\u00e9biles de las reparaciones con calidad de cadena completa<\/h2>\n\n\n\n<p>En conversaciones con profesionales de la reparaci\u00f3n, REWA abord\u00f3 algunos de los problemas m\u00e1s comunes a los que se enfrentan cuando trabajan con dispositivos de segunda mano:<\/p>\n\n\n\n<ul class=\"wp-block-list\">\n<li>Baja compatibilidad de instalaci\u00f3n<\/li>\n\n\n\n<li>Fallos funcionales como toque fantasma o pantallas que no responden<\/li>\n\n\n\n<li>Defectos de la pantalla como patrones MURA y retroiluminaci\u00f3n desigual<\/li>\n<\/ul>\n\n\n\n<p>REWA tambi\u00e9n present\u00f3 su enfoque de calidad integral para la sustituci\u00f3n de pantallas de iPhone, que incluye:<\/p>\n\n\n\n<ul class=\"wp-block-list\">\n<li>Clasificaci\u00f3n y cribado cuidadosos de las materias primas<\/li>\n\n\n\n<li>Pruebas funcionales y de visualizaci\u00f3n en fases semiacabadas<\/li>\n\n\n\n<li>Retenci\u00f3n de lotes y bucles de retroalimentaci\u00f3n de datos para la mejora continua<\/li>\n<\/ul>\n\n\n\n<p>Los asistentes tambi\u00e9n pudieron ver de cerca tres niveles de pantallas de repuesto para el iPhone 14 Pro Max.<strong>OEM reacondicionados, REPART Soft OLED e Incell<\/strong>-cada uno dise\u00f1ado para satisfacer diferentes necesidades de rendimiento y presupuesto.<\/p>\n\n\n\n<figure class=\"wp-block-gallery has-nested-images columns-2 is-cropped wp-block-gallery-2 is-layout-flex wp-block-gallery-is-layout-flex\">\n<figure class=\"wp-block-image size-full\"><img loading=\"lazy\" decoding=\"async\" width=\"1024\" height=\"768\" data-id=\"41373\" src=\"https:\/\/rewa.tech\/wp-content\/uploads\/2025\/09\/rewa-at-back-forum-2025-02.jpg\" alt=\"foro rewa at back\" class=\"wp-image-41373\" title=\"\" srcset=\"https:\/\/rewa.tech\/wp-content\/uploads\/2025\/09\/rewa-at-back-forum-2025-02.jpg 1024w, https:\/\/rewa.tech\/wp-content\/uploads\/2025\/09\/rewa-at-back-forum-2025-02-300x225.jpg 300w, https:\/\/rewa.tech\/wp-content\/uploads\/2025\/09\/rewa-at-back-forum-2025-02-768x576.jpg 768w, https:\/\/rewa.tech\/wp-content\/uploads\/2025\/09\/rewa-at-back-forum-2025-02-16x12.jpg 16w\" sizes=\"(max-width: 1024px) 100vw, 1024px\" \/><\/figure>\n\n\n\n<figure class=\"wp-block-image size-large\"><img loading=\"lazy\" decoding=\"async\" width=\"1024\" height=\"768\" data-id=\"41370\" src=\"https:\/\/rewa.tech\/wp-content\/uploads\/2025\/09\/rewa-at-back-forum-2025.jpg\" alt=\"repart product showcasing in back forum\" class=\"wp-image-41370\" title=\"\" srcset=\"https:\/\/rewa.tech\/wp-content\/uploads\/2025\/09\/rewa-at-back-forum-2025.jpg 1024w, https:\/\/rewa.tech\/wp-content\/uploads\/2025\/09\/rewa-at-back-forum-2025-300x225.jpg 300w, https:\/\/rewa.tech\/wp-content\/uploads\/2025\/09\/rewa-at-back-forum-2025-768x576.jpg 768w, https:\/\/rewa.tech\/wp-content\/uploads\/2025\/09\/rewa-at-back-forum-2025-16x12.jpg 16w\" sizes=\"(max-width: 1024px) 100vw, 1024px\" \/><\/figure>\n\n\n\n<figure class=\"wp-block-image size-large\"><img loading=\"lazy\" decoding=\"async\" width=\"1024\" height=\"768\" data-id=\"41371\" src=\"https:\/\/rewa.tech\/wp-content\/uploads\/2025\/09\/rewa-showcasing-product.jpg\" alt=\"rewa ceo mostrando productos\" class=\"wp-image-41371\" title=\"\" srcset=\"https:\/\/rewa.tech\/wp-content\/uploads\/2025\/09\/rewa-showcasing-product.jpg 1024w, https:\/\/rewa.tech\/wp-content\/uploads\/2025\/09\/rewa-showcasing-product-300x225.jpg 300w, https:\/\/rewa.tech\/wp-content\/uploads\/2025\/09\/rewa-showcasing-product-768x576.jpg 768w, https:\/\/rewa.tech\/wp-content\/uploads\/2025\/09\/rewa-showcasing-product-16x12.jpg 16w\" sizes=\"(max-width: 1024px) 100vw, 1024px\" \/><\/figure>\n\n\n\n<figure class=\"wp-block-image size-large\"><img loading=\"lazy\" decoding=\"async\" width=\"1024\" height=\"768\" data-id=\"41372\" src=\"https:\/\/rewa.tech\/wp-content\/uploads\/2025\/09\/showcasing-rewa-product.jpg\" alt=\"rewa ceo muestra sus productos\" class=\"wp-image-41372\" title=\"\" srcset=\"https:\/\/rewa.tech\/wp-content\/uploads\/2025\/09\/showcasing-rewa-product.jpg 1024w, https:\/\/rewa.tech\/wp-content\/uploads\/2025\/09\/showcasing-rewa-product-300x225.jpg 300w, https:\/\/rewa.tech\/wp-content\/uploads\/2025\/09\/showcasing-rewa-product-768x576.jpg 768w, https:\/\/rewa.tech\/wp-content\/uploads\/2025\/09\/showcasing-rewa-product-16x12.jpg 16w\" sizes=\"(max-width: 1024px) 100vw, 1024px\" \/><\/figure>\n<\/figure>\n\n\n\n<h2 class=\"wp-block-heading\">REWA UE: Un nuevo cap\u00edtulo para Europa<\/h2>\n\n\n\n<p>El momento culminante del acto lleg\u00f3 cuando Kevin, Director General de REWA, anunci\u00f3 el lanzamiento de <strong>REWA EU<\/strong>:<\/p>\n\n\n\n<figure class=\"wp-block-pullquote\"><blockquote><p>La creaci\u00f3n de REWA EU es una extensi\u00f3n natural de nuestra experiencia de m\u00e1s de una d\u00e9cada en la integraci\u00f3n de la cadena de suministro, el control de calidad y la innovaci\u00f3n t\u00e9cnica. Combinando nuestros puntos fuertes con la experiencia en distribuci\u00f3n local de GPC, ofreceremos un cumplimiento m\u00e1s r\u00e1pido, mejores precios y productos m\u00e1s transparentes y trazables para los clientes europeos.<\/p><cite>Kevin Zhou (Director General de REWA Tech)<\/cite><\/blockquote><\/figure>\n\n\n\n<p>A trav\u00e9s de esta colaboraci\u00f3n con GPC, REWA EU aportar\u00e1:<\/p>\n\n\n\n<ul class=\"wp-block-list\">\n<li>Una cartera de productos m\u00e1s amplia<\/li>\n\n\n\n<li>Productos y soluciones t\u00e9cnicas a medida<\/li>\n\n\n\n<li>Mayor control de calidad y trazabilidad<\/li>\n\n\n\n<li>Cumplimiento localizado con tiempos de respuesta m\u00e1s r\u00e1pidos<\/li>\n<\/ul>\n\n\n\n<h2 class=\"wp-block-heading\">De cara al futuro<\/h2>\n\n\n\n<p>La presencia de REWA en el Foro Back subraya su compromiso de ayudar a las empresas de reparaci\u00f3n a crecer con confianza. Al redoblar <strong>calidad, trazabilidad y servicio local<\/strong>, y ahora, con el lanzamiento de REWA EU, la empresa da otro gran paso hacia la construcci\u00f3n de un ecosistema de tecnolog\u00eda circular m\u00e1s s\u00f3lido y sostenible en Europa.<\/p>","protected":false},"excerpt":{"rendered":"<p>Paris, France \u2013 September 16, 2025. At the 4th edition of the Back Forum, hosted by Back Market, REWA once again took the stage to highlight its vision for the refurbishment and repair industry. This year\u2019s focus: how sellers and repair professionals can confidently choose high-quality battery and screen replacement parts. REWA also announced the [&hellip;]<\/p>\n","protected":false},"author":1,"featured_media":41360,"comment_status":"open","ping_status":"closed","sticky":false,"template":"","format":"standard","meta":{"fifu_image_url":"","fifu_image_alt":"","footnotes":""},"categories":[8],"tags":[],"class_list":["post-41356","post","type-post","status-publish","format-standard","has-post-thumbnail","hentry","category-news"],"_links":{"self":[{"href":"https:\/\/rewa.tech\/es\/wp-json\/wp\/v2\/posts\/41356","targetHints":{"allow":["GET"]}}],"collection":[{"href":"https:\/\/rewa.tech\/es\/wp-json\/wp\/v2\/posts"}],"about":[{"href":"https:\/\/rewa.tech\/es\/wp-json\/wp\/v2\/types\/post"}],"author":[{"embeddable":true,"href":"https:\/\/rewa.tech\/es\/wp-json\/wp\/v2\/users\/1"}],"replies":[{"embeddable":true,"href":"https:\/\/rewa.tech\/es\/wp-json\/wp\/v2\/comments?post=41356"}],"version-history":[{"count":0,"href":"https:\/\/rewa.tech\/es\/wp-json\/wp\/v2\/posts\/41356\/revisions"}],"wp:featuredmedia":[{"embeddable":true,"href":"https:\/\/rewa.tech\/es\/wp-json\/wp\/v2\/media\/41360"}],"wp:attachment":[{"href":"https:\/\/rewa.tech\/es\/wp-json\/wp\/v2\/media?parent=41356"}],"wp:term":[{"taxonomy":"category","embeddable":true,"href":"https:\/\/rewa.tech\/es\/wp-json\/wp\/v2\/categories?post=41356"},{"taxonomy":"post_tag","embeddable":true,"href":"https:\/\/rewa.tech\/es\/wp-json\/wp\/v2\/tags?post=41356"}],"curies":[{"name":"wp","href":"https:\/\/api.w.org\/{rel}","templated":true}]}}