{"id":2137,"date":"2019-11-08T00:00:00","date_gmt":"2019-11-08T00:00:00","guid":{"rendered":"http:\/\/192.168.2.19:8666\/?p=1"},"modified":"2023-10-20T14:42:15","modified_gmt":"2023-10-20T06:42:15","slug":"problemes-communs-dios-13-un-guide-pour-les-professionnels","status":"publish","type":"post","link":"https:\/\/rewa.tech\/fr\/common-ios-13-issues-a-professionals-guide\/","title":{"rendered":"Probl\u00e8mes courants d'iOS 13 : Guide du professionnel"},"content":{"rendered":"<p style=\"line-height: 1.7;\">Depuis la sortie d'iOS 13 le 19 septembre 2019, cinq mises \u00e0 jour d'iOS 13 ont \u00e9t\u00e9 pouss\u00e9es en l'espace d'un mois.<\/p>\n<p style=\"line-height: 1.7;\">Malgr\u00e9 la publication de nouvelles mises \u00e0 jour d'iOS 13, des probl\u00e8mes surviennent toujours.<\/p>\n<p style=\"line-height: 1.7;\">Notre blog d'aujourd'hui sera un r\u00e9sum\u00e9 des probl\u00e8mes les plus courants sur iOS 13 depuis sa sortie.<\/p>\n<h3><strong>Bug des claviers tiers<\/strong><\/h3>\n<p>Un bug dans iOS 13 pourrait permettre \u00e0 des applications de clavier tierces d'obtenir un acc\u00e8s complet, m\u00eame sans votre approbation.<br \/>\n<img decoding=\"async\" src=\"https:\/\/s.rewa.tech\/image\/80bef564-98a5-4d5d-a88a-94a4e7bd4772-02.jpg\" alt=\"Bug des claviers tiers \" title=\"\"><\/p>\n<h3 style=\"line-height: 1.7;\"><strong>Signal faible <\/strong><\/h3>\n<p style=\"line-height: 1.7;\">De nombreux utilisateurs se plaignent d'une mauvaise r\u00e9ception WiFi ou d'un signal faible apr\u00e8s l'installation d'iOS 13.<\/p>\n<h3 style=\"line-height: 1.7;\"><strong>Crash de l'application <\/strong><\/h3>\n<p style=\"line-height: 1.7;\">C'est un bug connu que certaines applications se bloquent apr\u00e8s les mises \u00e0 jour d'iOS 13. Par exemple, l'application Sant\u00e9 et l'application Apple Maps s'arr\u00eatent de temps en temps de mani\u00e8re al\u00e9atoire.<\/p>\n<p style=\"line-height: 1.7;\">Par ailleurs, certains utilisateurs d'iOS 13 se sont plaints que l'application photo se bloque et se ferme, affichant l'\u00e9cran d'accueil lorsque l'on fait d\u00e9filer rapidement la phototh\u00e8que ou que l'on appuie en haut de l'\u00e9cran pour faire d\u00e9filer instantan\u00e9ment la photo la plus ancienne.<\/p>\n<h3 style=\"line-height: 1.7;\"><strong>Appels perdus<\/strong><\/h3>\n<p style=\"line-height: 1.7;\">De nombreux rapports indiquent qu'iOS 13.1.2 provoque l'interruption des appels dans la minute qui suit.<\/p>\n<h3 style=\"line-height: 1.7;\"><strong>Probl\u00e8mes li\u00e9s \u00e0 l'application Mail <\/strong><\/h3>\n<ul>\n<li>Mail App ne se met pas \u00e0 jour Mail App se bloque, ne se synchronise pas sur l'iPhone ou l'iPad Mail<\/li>\n<li>L'application ne s'ouvre pas L'application Mail ne parvient pas \u00e0 envoyer les messages<\/li>\n<li style=\"line-height: 1.7;\">L'application Mail ouvre les brouillons au lancement<\/li>\n<li style=\"line-height: 1.7;\">L'application Mail ne parvient pas \u00e0 charger les courriels et les comptes de messagerie tiers<\/li>\n<li style=\"line-height: 1.7;\">L'application de messagerie avec les notifications de courrier ne fonctionne pas<\/li>\n<li style=\"line-height: 1.7;\">L'application Mail n'autorise pas la cr\u00e9ation de nouveaux comptes<\/li>\n<li style=\"line-height: 1.7;\">Mail App push ne fonctionne pas<\/li>\n<li style=\"line-height: 1.7;\">L'application Mail avec un probl\u00e8me d'absence d'exp\u00e9diteur<\/li>\n<\/ul>\n<h3 style=\"line-height: 1.7;\"><strong>D\u00e9charge de la batterie <\/strong><\/h3>\n<p style=\"line-height: 1.7;\">Certains utilisateurs d'iOS 13 ont remarqu\u00e9 que l'autonomie de la batterie de leur t\u00e9l\u00e9phone avait diminu\u00e9 depuis la mise \u00e0 jour vers le dernier syst\u00e8me d'exploitation mobile d'Apple.<\/p>\n<h3 style=\"line-height: 1.7;\"><strong>Les rappels ne sont pas synchronis\u00e9s <\/strong><\/h3>\n<p style=\"line-height: 1.7;\">Certains utilisateurs d'iOS 13 ont constat\u00e9 que les rappels iCloud cr\u00e9\u00e9s sur un appareil fonctionnant avec un logiciel ant\u00e9rieur ne sont visibles que sur d'autres appareils fonctionnant avec un logiciel ant\u00e9rieur.<\/p>\n<p style=\"line-height: 1.7;\">Lorsque vous mettez \u00e0 jour votre appareil avec la derni\u00e8re version du logiciel, ces nouveaux rappels sont perdus lorsque vous ouvrez l'application Rappels.<br \/>\n<img decoding=\"async\" src=\"https:\/\/s.rewa.tech\/image\/3f435420-eb7b-4ee9-a261-1f0c4b4f921c-03.jpg\" alt=\"Les probl\u00e8mes d&#039;iOS 13 \u00e0 conna\u00eetre\" title=\"\"><\/p>\n<h3 style=\"line-height: 1.7;\"><strong>Siri passe les appels sur haut-parleur par d\u00e9faut<\/strong><\/h3>\n<p style=\"line-height: 1.7;\">Lorsque vous demandez \u00e0 Siri de passer un appel t\u00e9l\u00e9phonique, l'appel est toujours pass\u00e9 par haut-parleur par d\u00e9faut.<\/p>\n<h3 style=\"line-height: 1.7;\"><strong>Contacts perdus <\/strong><\/h3>\n<p style=\"line-height: 1.7;\">Certains utilisateurs d'iPhone ont constat\u00e9 un dysfonctionnement de l'application Contacts sous iOS 13.1.3. Certains contacts sont nomm\u00e9s mais ne contiennent aucun contenu, tandis que d'autres sont simplement vides.<\/p>\n<h3 style=\"line-height: 1.7;\"><strong>Background Apps Killing <\/strong><\/h3>\n<p style=\"line-height: 1.7;\">De nombreux utilisateurs d'iPhone se sont plaints du probl\u00e8me d'extinction des applications en arri\u00e8re-plan apr\u00e8s la mise \u00e0 jour vers iOS 13.2. Ce probl\u00e8me est \u00e9galement apparu avec le nouvel iPhone 11 Pro.<\/p>\n<p style=\"line-height: 1.7;\"><img decoding=\"async\" src=\"https:\/\/s.rewa.tech\/image\/da20a0bc-cd18-4eb4-b40b-c0fc2b82fd2d-04.jpg\" alt=\"Les probl\u00e8mes d&#039;iOS 13 \u00e0 conna\u00eetre\" title=\"\"><\/p>\n<h3 style=\"line-height: 1.7;\"><strong>Compatible iOS 13 iPhone<\/strong><\/h3>\n<p style=\"line-height: 1.7;\">iPhone 11 Pro Max iPhone 11 Pro iPhone 11 iPhone Xs Max iPhone Xs iPhone XR iPhone X iPhone 8 Plus iPhone 8 iPhone 7 Plus iPhone 7 iPhone 6s Plus iPhone 6s iPhone SE <strong>iPad compatible avec iOS 13 <\/strong><\/p>\n<p style=\"line-height: 1.7;\">12,9\" iPad Pro 11\" iPad Pro 10,5\" iPad Pro 9,7\" iPad Pro iPad (6e g\u00e9n\u00e9ration) iPad (5e g\u00e9n\u00e9ration) iPad mini (5e g\u00e9n\u00e9ration) iPad mini 4 iPad Air (3e g\u00e9n\u00e9ration) iPad Air 2 10.2 iPad (7e g\u00e9n\u00e9ration) <strong>\u00a0<\/strong><\/p>\n<h3 style=\"line-height: 1.7;\"><strong>iPod compatible avec iOS 13 <\/strong><\/h3>\n<p style=\"line-height: 1.7;\">iPod Touch (7\u00e8me g\u00e9n\u00e9ration)<\/p>\n<p style=\"line-height: 1.7;\"><img decoding=\"async\" src=\"https:\/\/s.rewa.tech\/image\/8573a4ed-1c93-44b0-bac8-f8f6e8934f19-05.jpg\" alt=\"Compatible iOS 13 iPhone \" title=\"\"><\/p>\n<p style=\"line-height: 1.7;\">iOS 13 apporte de nouvelles fonctionnalit\u00e9s attrayantes, mais aussi des bugs et des probl\u00e8mes. Si ces bugs et probl\u00e8mes peuvent \u00eatre corrig\u00e9s, il s'agira sans aucun doute d'un tr\u00e8s bon syst\u00e8me d'exploitation. Que pensez-vous de la nouvelle version d'iOS 13 ? Faites-le nous savoir dans les commentaires ci-dessous.<\/p>","protected":false},"excerpt":{"rendered":"<p>Restez inform\u00e9 des probl\u00e8mes courants li\u00e9s \u00e0 iOS 13 et des mises \u00e0 jour effectu\u00e9es depuis sa sortie. Une lecture indispensable pour les professionnels qui travaillent avec iOS 13.<\/p>","protected":false},"author":1,"featured_media":2691,"comment_status":"open","ping_status":"open","sticky":false,"template":"","format":"standard","meta":{"fifu_image_url":"https:\/\/s.rewa.tech\/image\/07552cc8-1c28-4188-a2b4-dfbc98abb2cc-banner1.jpg","fifu_image_alt":"","footnotes":""},"categories":[158,5,20],"tags":[355,21],"class_list":["post-2137","post","type-post","status-publish","format-standard","has-post-thumbnail","hentry","category-iphone-guide","category-guide","category-review","tag-ios13","tag-iphone"],"_links":{"self":[{"href":"https:\/\/rewa.tech\/fr\/wp-json\/wp\/v2\/posts\/2137","targetHints":{"allow":["GET"]}}],"collection":[{"href":"https:\/\/rewa.tech\/fr\/wp-json\/wp\/v2\/posts"}],"about":[{"href":"https:\/\/rewa.tech\/fr\/wp-json\/wp\/v2\/types\/post"}],"author":[{"embeddable":true,"href":"https:\/\/rewa.tech\/fr\/wp-json\/wp\/v2\/users\/1"}],"replies":[{"embeddable":true,"href":"https:\/\/rewa.tech\/fr\/wp-json\/wp\/v2\/comments?post=2137"}],"version-history":[{"count":0,"href":"https:\/\/rewa.tech\/fr\/wp-json\/wp\/v2\/posts\/2137\/revisions"}],"wp:featuredmedia":[{"embeddable":true,"href":"https:\/\/rewa.tech\/fr\/wp-json\/wp\/v2\/media\/2691"}],"wp:attachment":[{"href":"https:\/\/rewa.tech\/fr\/wp-json\/wp\/v2\/media?parent=2137"}],"wp:term":[{"taxonomy":"category","embeddable":true,"href":"https:\/\/rewa.tech\/fr\/wp-json\/wp\/v2\/categories?post=2137"},{"taxonomy":"post_tag","embeddable":true,"href":"https:\/\/rewa.tech\/fr\/wp-json\/wp\/v2\/tags?post=2137"}],"curies":[{"name":"wp","href":"https:\/\/api.w.org\/{rel}","templated":true}]}}