{"id":41356,"date":"2025-09-23T10:22:52","date_gmt":"2025-09-23T02:22:52","guid":{"rendered":"https:\/\/rewa.tech\/?p=41356"},"modified":"2025-09-25T10:34:57","modified_gmt":"2025-09-25T02:34:57","slug":"rewa-au-4eme-back-forum","status":"publish","type":"post","link":"https:\/\/rewa.tech\/fr\/rewa-at-the-4th-back-forum\/","title":{"rendered":"REWA pr\u00e9sente des solutions de remplacement d'\u00e9crans sur le march\u00e9 secondaire lors du 4e forum Back"},"content":{"rendered":"<p><strong>Paris, France - 16 septembre 2025.<\/strong> Lors de la quatri\u00e8me \u00e9dition du Back Forum, organis\u00e9e par Back Market, REWA a une nouvelle fois pris la parole pour pr\u00e9senter sa vision du secteur de la remise \u00e0 neuf et de la r\u00e9paration. Cette ann\u00e9e, l'accent a \u00e9t\u00e9 mis sur la mani\u00e8re dont les vendeurs et les professionnels de la r\u00e9paration peuvent choisir en toute confiance des piles et des batteries de haute qualit\u00e9. <a href=\"https:\/\/rewa.tech\/fr\/ecran\/\" data-type=\"page\" data-id=\"10263\">pi\u00e8ces de rechange pour \u00e9crans<\/a>. REWA a \u00e9galement annonc\u00e9 le lancement officiel de REWA EU, en partenariat avec le distributeur europ\u00e9en de longue date GSM PARTS CENTER (GPC).<strong>)<\/strong>.<\/p>\n\n\n\n<figure class=\"wp-block-image size-large\"><img fetchpriority=\"high\" decoding=\"async\" width=\"1024\" height=\"640\" src=\"https:\/\/rewa.tech\/wp-content\/uploads\/2025\/09\/back-forum-main-1024x640.jpg\" alt=\"4\u00e8me forum de retour\" class=\"wp-image-41357\" title=\"\" srcset=\"https:\/\/rewa.tech\/wp-content\/uploads\/2025\/09\/back-forum-main-1024x640.jpg 1024w, https:\/\/rewa.tech\/wp-content\/uploads\/2025\/09\/back-forum-main-300x188.jpg 300w, https:\/\/rewa.tech\/wp-content\/uploads\/2025\/09\/back-forum-main-768x480.jpg 768w, https:\/\/rewa.tech\/wp-content\/uploads\/2025\/09\/back-forum-main-18x12.jpg 18w, https:\/\/rewa.tech\/wp-content\/uploads\/2025\/09\/back-forum-main.jpg 1280w\" sizes=\"(max-width: 1024px) 100vw, 1024px\" \/><\/figure>\n\n\n\n<p>Avec cette \u00e9tape, REWA renforce son engagement en Europe, promettant des livraisons plus rapides, des prix plus attractifs et une exp\u00e9rience de service am\u00e9lior\u00e9e pour les partenaires et les clients dans toute la r\u00e9gion.<\/p>\n\n\n\n<h2 class=\"wp-block-heading\">Back Forum : Le lieu de rencontre des leaders de la technologie circulaire<\/h2>\n\n\n\n<p>Le <strong>Retour Forum<\/strong> est le rassemblement annuel exclusif de Back Market pour les meilleurs vendeurs, partenaires et innovateurs du monde entier. Chaque ann\u00e9e, l'\u00e9v\u00e9nement couvre des sujets urgents sur le march\u00e9 de l'\u00e9lectronique circulaire - de la logistique et des tests \u00e0 l'expansion du catalogue et aux meilleures pratiques pour une croissance durable.<\/p>\n\n\n\n<figure class=\"wp-block-gallery has-nested-images columns-default is-cropped wp-block-gallery-1 is-layout-flex wp-block-gallery-is-layout-flex\">\n<figure class=\"wp-block-image size-large\"><img decoding=\"async\" width=\"1024\" height=\"640\" data-id=\"41360\" src=\"https:\/\/rewa.tech\/wp-content\/uploads\/2025\/09\/rewa-ceo-at-back-forum-1024x640.jpg\" alt=\"\" class=\"wp-image-41360\" title=\"\" srcset=\"https:\/\/rewa.tech\/wp-content\/uploads\/2025\/09\/rewa-ceo-at-back-forum-1024x640.jpg 1024w, https:\/\/rewa.tech\/wp-content\/uploads\/2025\/09\/rewa-ceo-at-back-forum-300x188.jpg 300w, https:\/\/rewa.tech\/wp-content\/uploads\/2025\/09\/rewa-ceo-at-back-forum-768x480.jpg 768w, https:\/\/rewa.tech\/wp-content\/uploads\/2025\/09\/rewa-ceo-at-back-forum-18x12.jpg 18w, https:\/\/rewa.tech\/wp-content\/uploads\/2025\/09\/rewa-ceo-at-back-forum.jpg 1280w\" sizes=\"(max-width: 1024px) 100vw, 1024px\" \/><\/figure>\n\n\n\n<figure class=\"wp-block-image size-large\"><img decoding=\"async\" width=\"1024\" height=\"640\" data-id=\"41361\" src=\"https:\/\/rewa.tech\/wp-content\/uploads\/2025\/09\/rewa-ceo-at-back-forum-02-1024x640.jpg\" alt=\"rewa ceo au back forum\" class=\"wp-image-41361\" title=\"\" srcset=\"https:\/\/rewa.tech\/wp-content\/uploads\/2025\/09\/rewa-ceo-at-back-forum-02-1024x640.jpg 1024w, https:\/\/rewa.tech\/wp-content\/uploads\/2025\/09\/rewa-ceo-at-back-forum-02-300x188.jpg 300w, https:\/\/rewa.tech\/wp-content\/uploads\/2025\/09\/rewa-ceo-at-back-forum-02-768x480.jpg 768w, https:\/\/rewa.tech\/wp-content\/uploads\/2025\/09\/rewa-ceo-at-back-forum-02-18x12.jpg 18w, https:\/\/rewa.tech\/wp-content\/uploads\/2025\/09\/rewa-ceo-at-back-forum-02.jpg 1280w\" sizes=\"(max-width: 1024px) 100vw, 1024px\" \/><\/figure>\n<\/figure>\n\n\n\n<p>Cette ann\u00e9e, REWA a rejoint six autres leaders du secteur sur la sc\u00e8ne, montrant comment la collaboration, la qualit\u00e9 et l'innovation peuvent conduire \u00e0 la prochaine vague de croissance pour les entreprises de r\u00e9paration.<\/p>\n\n\n\n<h2 class=\"wp-block-heading\">Les progr\u00e8s de REWA : Des solutions aux r\u00e9sultats \u00e9tay\u00e9s par des donn\u00e9es<\/h2>\n\n\n\n<p>En tant que nouveau participant, REWA a pr\u00e9sent\u00e9 les r\u00e9sultats de sa collaboration avec Back Market depuis octobre 2024. Les points forts sont les suivants :<\/p>\n\n\n\n<ul class=\"wp-block-list\">\n<li><strong>Forte croissance<\/strong> dans les commandes de produits en batterie<\/li>\n\n\n\n<li><strong>Taux de service apr\u00e8s-vente tr\u00e8s bas<\/strong>, en de\u00e7\u00e0 de la valeur de r\u00e9f\u00e9rence de l'industrie (0,5%)<\/li>\n\n\n\n<li><strong>92%+ taux de rachat<\/strong>, La confiance de la client\u00e8le est constante<\/li>\n<\/ul>\n\n\n\n<p>Ces chiffres renforcent la fiabilit\u00e9 du syst\u00e8me strict de s\u00e9lection et de validation de REWA, con\u00e7u pour aider les vendeurs \u00e0 am\u00e9liorer leur efficacit\u00e9 tout en offrant aux utilisateurs finaux une exp\u00e9rience sans souci.<\/p>\n\n\n\n<figure class=\"wp-block-image size-large\"><img loading=\"lazy\" decoding=\"async\" width=\"1024\" height=\"640\" src=\"https:\/\/rewa.tech\/wp-content\/uploads\/2025\/09\/rewa-at-back-forum-1024x640.jpg\" alt=\"rewa en partenariat avec des clients de l&#039;ue\" class=\"wp-image-41367\" title=\"\" srcset=\"https:\/\/rewa.tech\/wp-content\/uploads\/2025\/09\/rewa-at-back-forum-1024x640.jpg 1024w, https:\/\/rewa.tech\/wp-content\/uploads\/2025\/09\/rewa-at-back-forum-300x188.jpg 300w, https:\/\/rewa.tech\/wp-content\/uploads\/2025\/09\/rewa-at-back-forum-768x480.jpg 768w, https:\/\/rewa.tech\/wp-content\/uploads\/2025\/09\/rewa-at-back-forum-18x12.jpg 18w, https:\/\/rewa.tech\/wp-content\/uploads\/2025\/09\/rewa-at-back-forum.jpg 1280w\" sizes=\"(max-width: 1024px) 100vw, 1024px\" \/><\/figure>\n\n\n\n<h2 class=\"wp-block-heading\">S'attaquer aux points douloureux de la r\u00e9paration gr\u00e2ce \u00e0 la qualit\u00e9 de la cha\u00eene compl\u00e8te<\/h2>\n\n\n\n<p>En discutant avec des professionnels de la r\u00e9paration, REWA a abord\u00e9 certains des probl\u00e8mes les plus courants auxquels ils sont confront\u00e9s lorsqu'ils travaillent avec des appareils d'occasion :<\/p>\n\n\n\n<ul class=\"wp-block-list\">\n<li>Faible compatibilit\u00e9 d'installation<\/li>\n\n\n\n<li>D\u00e9faillances fonctionnelles telles que des touches fant\u00f4mes ou des \u00e9crans qui ne r\u00e9pondent pas.<\/li>\n\n\n\n<li>D\u00e9fauts de l'\u00e9cran tels que les motifs MURA et le r\u00e9tro\u00e9clairage in\u00e9gal<\/li>\n<\/ul>\n\n\n\n<p>REWA a \u00e9galement pr\u00e9sent\u00e9 son approche de la qualit\u00e9 de bout en bout pour les remplacements d'\u00e9crans d'iPhone, qui comprend<\/p>\n\n\n\n<ul class=\"wp-block-list\">\n<li>Triage et criblage minutieux des mati\u00e8res premi\u00e8res<\/li>\n\n\n\n<li>Essais fonctionnels et d'affichage aux stades semi-finis<\/li>\n\n\n\n<li>R\u00e9tention des lots et boucles de retour d'information pour une am\u00e9lioration continue<\/li>\n<\/ul>\n\n\n\n<p>Les participants ont \u00e9galement pu voir de pr\u00e8s trois niveaux d'\u00e9crans de remplacement pour l'iPhone 14 Pro Max, \u00e0 savoir<strong>OEM remis \u00e0 neuf, REPART Soft OLED et Incell<\/strong>-Chacun d'entre eux est con\u00e7u pour r\u00e9pondre \u00e0 des besoins diff\u00e9rents en termes de performances et de budget.<\/p>\n\n\n\n<figure class=\"wp-block-gallery has-nested-images columns-2 is-cropped wp-block-gallery-2 is-layout-flex wp-block-gallery-is-layout-flex\">\n<figure class=\"wp-block-image size-full\"><img loading=\"lazy\" decoding=\"async\" width=\"1024\" height=\"768\" data-id=\"41373\" src=\"https:\/\/rewa.tech\/wp-content\/uploads\/2025\/09\/rewa-at-back-forum-2025-02.jpg\" alt=\"rewa at back forum\" class=\"wp-image-41373\" title=\"\" srcset=\"https:\/\/rewa.tech\/wp-content\/uploads\/2025\/09\/rewa-at-back-forum-2025-02.jpg 1024w, https:\/\/rewa.tech\/wp-content\/uploads\/2025\/09\/rewa-at-back-forum-2025-02-300x225.jpg 300w, https:\/\/rewa.tech\/wp-content\/uploads\/2025\/09\/rewa-at-back-forum-2025-02-768x576.jpg 768w, https:\/\/rewa.tech\/wp-content\/uploads\/2025\/09\/rewa-at-back-forum-2025-02-16x12.jpg 16w\" sizes=\"(max-width: 1024px) 100vw, 1024px\" \/><\/figure>\n\n\n\n<figure class=\"wp-block-image size-large\"><img loading=\"lazy\" decoding=\"async\" width=\"1024\" height=\"768\" data-id=\"41370\" src=\"https:\/\/rewa.tech\/wp-content\/uploads\/2025\/09\/rewa-at-back-forum-2025.jpg\" alt=\"Pr\u00e9sentation des produits repart dans le forum arri\u00e8re\" class=\"wp-image-41370\" title=\"\" srcset=\"https:\/\/rewa.tech\/wp-content\/uploads\/2025\/09\/rewa-at-back-forum-2025.jpg 1024w, https:\/\/rewa.tech\/wp-content\/uploads\/2025\/09\/rewa-at-back-forum-2025-300x225.jpg 300w, https:\/\/rewa.tech\/wp-content\/uploads\/2025\/09\/rewa-at-back-forum-2025-768x576.jpg 768w, https:\/\/rewa.tech\/wp-content\/uploads\/2025\/09\/rewa-at-back-forum-2025-16x12.jpg 16w\" sizes=\"(max-width: 1024px) 100vw, 1024px\" \/><\/figure>\n\n\n\n<figure class=\"wp-block-image size-large\"><img loading=\"lazy\" decoding=\"async\" width=\"1024\" height=\"768\" data-id=\"41371\" src=\"https:\/\/rewa.tech\/wp-content\/uploads\/2025\/09\/rewa-showcasing-product.jpg\" alt=\"le directeur g\u00e9n\u00e9ral de rewa pr\u00e9sente des produits\" class=\"wp-image-41371\" title=\"\" srcset=\"https:\/\/rewa.tech\/wp-content\/uploads\/2025\/09\/rewa-showcasing-product.jpg 1024w, https:\/\/rewa.tech\/wp-content\/uploads\/2025\/09\/rewa-showcasing-product-300x225.jpg 300w, https:\/\/rewa.tech\/wp-content\/uploads\/2025\/09\/rewa-showcasing-product-768x576.jpg 768w, https:\/\/rewa.tech\/wp-content\/uploads\/2025\/09\/rewa-showcasing-product-16x12.jpg 16w\" sizes=\"(max-width: 1024px) 100vw, 1024px\" \/><\/figure>\n\n\n\n<figure class=\"wp-block-image size-large\"><img loading=\"lazy\" decoding=\"async\" width=\"1024\" height=\"768\" data-id=\"41372\" src=\"https:\/\/rewa.tech\/wp-content\/uploads\/2025\/09\/showcasing-rewa-product.jpg\" alt=\"le directeur general de rewa presente ses produits\" class=\"wp-image-41372\" title=\"\" srcset=\"https:\/\/rewa.tech\/wp-content\/uploads\/2025\/09\/showcasing-rewa-product.jpg 1024w, https:\/\/rewa.tech\/wp-content\/uploads\/2025\/09\/showcasing-rewa-product-300x225.jpg 300w, https:\/\/rewa.tech\/wp-content\/uploads\/2025\/09\/showcasing-rewa-product-768x576.jpg 768w, https:\/\/rewa.tech\/wp-content\/uploads\/2025\/09\/showcasing-rewa-product-16x12.jpg 16w\" sizes=\"(max-width: 1024px) 100vw, 1024px\" \/><\/figure>\n<\/figure>\n\n\n\n<h2 class=\"wp-block-heading\">REWA EU : Un nouveau chapitre pour l'Europe<\/h2>\n\n\n\n<p>Le point culminant de l'\u00e9v\u00e9nement a \u00e9t\u00e9 l'annonce par Kevin, le PDG de REWA, du lancement de <strong>REWA EU<\/strong>:<\/p>\n\n\n\n<figure class=\"wp-block-pullquote\"><blockquote><p>La cr\u00e9ation de REWA EU est une extension naturelle de notre expertise de dix ans en mati\u00e8re d'int\u00e9gration de la cha\u00eene d'approvisionnement, de contr\u00f4le de la qualit\u00e9 et d'innovation technique. En combinant nos forces avec l'exp\u00e9rience de GPC en mati\u00e8re de distribution locale, nous offrirons aux clients europ\u00e9ens une ex\u00e9cution plus rapide, de meilleurs prix et des produits plus transparents et plus tra\u00e7ables.<\/p><cite>Kevin Zhou (PDG de REWA Tech)<\/cite><\/blockquote><\/figure>\n\n\n\n<p>Gr\u00e2ce \u00e0 cette collaboration avec le GPC, REWA EU apportera :<\/p>\n\n\n\n<ul class=\"wp-block-list\">\n<li>Un portefeuille de produits plus large<\/li>\n\n\n\n<li>Produits et solutions techniques sur mesure<\/li>\n\n\n\n<li>Renforcement du contr\u00f4le de la qualit\u00e9 et de la tra\u00e7abilit\u00e9<\/li>\n\n\n\n<li>Des livraisons localis\u00e9es avec des temps de r\u00e9ponse plus courts<\/li>\n<\/ul>\n\n\n\n<h2 class=\"wp-block-heading\">Perspectives d'avenir<\/h2>\n\n\n\n<p>La pr\u00e9sence de REWA au Back Forum souligne son engagement \u00e0 aider les entreprises de r\u00e9paration \u00e0 se d\u00e9velopper en toute confiance. En redoublant d'efforts pour <strong>la qualit\u00e9, la tra\u00e7abilit\u00e9 et le service de proximit\u00e9<\/strong>, Aujourd'hui, avec le lancement de REWA EU, l'entreprise franchit une nouvelle \u00e9tape importante dans la construction d'un \u00e9cosyst\u00e8me de technologies circulaires plus fort et plus durable en Europe.<\/p>","protected":false},"excerpt":{"rendered":"<p>Paris, France \u2013 September 16, 2025. At the 4th edition of the Back Forum, hosted by Back Market, REWA once again took the stage to highlight its vision for the refurbishment and repair industry. This year\u2019s focus: how sellers and repair professionals can confidently choose high-quality battery and screen replacement parts. REWA also announced the [&hellip;]<\/p>\n","protected":false},"author":1,"featured_media":41360,"comment_status":"open","ping_status":"closed","sticky":false,"template":"","format":"standard","meta":{"fifu_image_url":"","fifu_image_alt":"","footnotes":""},"categories":[8],"tags":[],"class_list":["post-41356","post","type-post","status-publish","format-standard","has-post-thumbnail","hentry","category-news"],"_links":{"self":[{"href":"https:\/\/rewa.tech\/fr\/wp-json\/wp\/v2\/posts\/41356","targetHints":{"allow":["GET"]}}],"collection":[{"href":"https:\/\/rewa.tech\/fr\/wp-json\/wp\/v2\/posts"}],"about":[{"href":"https:\/\/rewa.tech\/fr\/wp-json\/wp\/v2\/types\/post"}],"author":[{"embeddable":true,"href":"https:\/\/rewa.tech\/fr\/wp-json\/wp\/v2\/users\/1"}],"replies":[{"embeddable":true,"href":"https:\/\/rewa.tech\/fr\/wp-json\/wp\/v2\/comments?post=41356"}],"version-history":[{"count":0,"href":"https:\/\/rewa.tech\/fr\/wp-json\/wp\/v2\/posts\/41356\/revisions"}],"wp:featuredmedia":[{"embeddable":true,"href":"https:\/\/rewa.tech\/fr\/wp-json\/wp\/v2\/media\/41360"}],"wp:attachment":[{"href":"https:\/\/rewa.tech\/fr\/wp-json\/wp\/v2\/media?parent=41356"}],"wp:term":[{"taxonomy":"category","embeddable":true,"href":"https:\/\/rewa.tech\/fr\/wp-json\/wp\/v2\/categories?post=41356"},{"taxonomy":"post_tag","embeddable":true,"href":"https:\/\/rewa.tech\/fr\/wp-json\/wp\/v2\/tags?post=41356"}],"curies":[{"name":"wp","href":"https:\/\/api.w.org\/{rel}","templated":true}]}}